{"provider_url": "https://projeto.lexml.gov.br", "title": "Composi\u00e7\u00e3o", "html": "<ol start=\"1\" style=\"float: right; \">\r\n<li class=\"level0\"><a href=\"#AGU\">Advocacia Geral da Uni\u00e3o</a></li>\r\n<li class=\"level0\"><a href=\"#CD\">C\u00e2mara dos Deputados</a></li>\r\n<li class=\"level0\"><a href=\"#CJF\">Conselho da Justi\u00e7a Federal</a></li>\r\n<li class=\"level0\"><a href=\"#MJ\">Minist\u00e9rio da Justi\u00e7a</a></li>\r\n<li class=\"level0\"><a href=\"#PGR-MPF\">Procuradoria Geral da Rep\u00fablica / Minist\u00e9rio P\u00fablico Federal</a></li>\r\n<li class=\"level0\"><a href=\"#SF-I\">Senado Federal - Interlegis</a></li>\r\n<li class=\"level0\"><a href=\"#SF-P\">Senado Federal - Prodasen</a></li>\r\n<li class=\"level0\"><a href=\"#STJ\">Superior Tribunal de Justi\u00e7a</a></li>\r\n<li class=\"level0\"><a href=\"#STF\">Supremo Tribunal Federal</a></li>\r\n<li class=\"level0\"><a href=\"#TCU\">Tribunal de Contas da Uni\u00e3o</a></li>\r\n<li class=\"level0\"><a href=\"#TSE\">Tribunal Superior Eleitoral</a></li>\r\n<li class=\"level0\"><a href=\"#TST\">Tribunal Superior do Trabalho</a></li>\r\n</ol>\r\n<h2><a id=\"AGU\" name=\"AGU\"></a><a class=\"external-link\" href=\"http://www.agu.gov.br/\"><strong>Advocacia Geral da Uni\u00e3o</strong></a></h2>\r\n<ul>\r\n<li>Contato: Manuel de Medeiros Dantas<br />Tel.: (61) 3105-8180<br />E-mail: <a href=\"mailto:manuel.dantas@agu.gov.br\">manuel.dantas@agu.gov.br</a></li>\r\n<li>Contato: Paulo Aires<br />Tel.: (61) 3105-8117<br />E-mail: <a href=\"mailto:paulo.aires@agu.gov.br\">paulo.aires@agu.gov.br</a></li>\r\n</ul>\r\n<p>\u00a0</p>\r\n<h2><a id=\"CD\" name=\"CD\"></a><a class=\"external-link\" href=\"http://www.camara.gov.br/\"><strong>C\u00e2mara dos Deputados</strong></a></h2>\r\n<p><em>Departamento: CENIN</em></p>\r\n<ul>\r\n<li>Contato: S\u00e9rgio Falc\u00e3o<br />Tel.: (61) 3216-3521<br />E-mail: <a href=\"mailto:sergio.falcao@camara.gov.br\">sergio.falcao@camara.gov.br</a></li>\r\n<li>Contato: Fernando Teixeira<br />Tel.: (61) 3216-3831<br />E-mail: <a href=\"mailto:fernando.teixeira@camara.gov.br\">fernando.teixeira@camara.gov.br</a></li>\r\n<li>Contato: Alfredo Luiz Campos J\u00fanior<br />Tel.: (61) 3216-3903<br />E-mail: <a href=\"mailto:alfredo.campos@camara.gov.br\">alfredo.campos@camara.gov.br</a></li>\r\n</ul>\r\n<p>\u00a0</p>\r\n<h2><a id=\"CJF\" name=\"CJF\"></a><a class=\"external-link\" href=\"http://www.justicafederal.gov.br/\"><strong>Conselho da Justi\u00e7a Federal</strong></a></h2>\r\n<p><em>Departamento: Secretaria de Tecnologia da Informa\u00e7\u00e3o e Comunica\u00e7\u00e3o</em></p>\r\n<ul>\r\n<li>Contato: Paulo Martins Inoc\u00eancio<br />Tel.: (61) 3311-9753<br />E-mail: <a href=\"mailto:paulo.martins@cjf.gov.br\">paulo.martins@cjf.gov.br</a></li>\r\n</ul>\r\n<p>\u00a0</p>\r\n<h2><a id=\"MJ\" name=\"MJ\"></a><a class=\"external-link\" href=\"http://www.mj.gov.br/\"><strong>Minist\u00e9rio da Justi\u00e7a</strong></a></h2>\r\n<p><em>Departamento: Coordena\u00e7\u00e3o Geral de Tecnologia da Informa\u00e7\u00e3o (CGTI)</em></p>\r\n<ul>\r\n<li>Contato: Dalva Luca<br />Tel.: (61) 3429-3948<br />E-mail: <a href=\"mailto:dalva.luca@mj.gov.br\">dalva.luca@mj.gov.br</a></li>\r\n</ul>\r\n<p>\u00a0</p>\r\n<h2><a id=\"TSE3\" name=\"PGR-MPF\"></a><a class=\"external-link\" href=\"http://www2.pgr.mpf.gov.br/\"><strong>Procuradoria Geral da Rep\u00fablica / Minist\u00e9rio P\u00fablico Federal</strong></a></h2>\r\n<ul>\r\n<li>Contato: Jonatas Rodrigues<br />Tel.: (61) 3105-5984<br />E-mail: <a href=\"mailto:jonatas@pgr.mpf.gov.br\">jonatas@pgr.mpf.gov.br</a></li>\r\n</ul>\r\n<p>\u00a0</p>\r\n<h2><a id=\"SF-I\" name=\"SF-I\"></a><a class=\"external-link\" href=\"http://www.interlegis.gov.br/\"><strong>Senado Federal - Interlegis</strong></a></h2>\r\n<p><em>Departamento: SSTIN - SPDT</em></p>\r\n<ul>\r\n<li>Contato: Claudio Morale<br />Tel: (61) 3303-2587<br />E-mail: <a class=\"external-link\" href=\"mailto:claudiomorale@interlegis.leg.br\">claudiomorale@interlegis.leg.br</a></li>\r\n<li>Contato: Fernando Ciciliati<br />Tel: (61) 3303-2598<br />E-mail: <a class=\"external-link\" href=\"mailto:fernandociciliati@interlegis.leg.br\">fernandociciliati@interlegis.leg.br</a></li>\r\n<li>Contato: Jean Rodrigo Ferri<br />Tel: (61) 3303-2587<br />E-mail: <a class=\"external-link\" href=\"mailto:jeanferri@interlegis.leg.br\">jeanferri@interlegis.leg.br</a></li>\r\n</ul>\r\n<ul>\r\n<li>Contato: Vitor Choi Feitosa<br />Tel: (61) 3303-2624<br />E-mail: <a class=\"external-link\" href=\"mailto:vitorchoi@interlegis.leg.br\">vitorchoi@interlegis.leg.br</a></li>\r\n</ul>\r\n<p>\u00a0</p>\r\n<h2><a id=\"SF-P\" name=\"SF-P\"></a><a class=\"external-link\" href=\"http://www.senado.gov.br/prodasen\"><strong>Senado Federal - Prodasen </strong></a></h2>\r\n<p><em>Departamento: SSTI</em></p>\r\n<ul>\r\n<li>Contato: Jo\u00e3o Lima<br />Tel.: (61) 3303-2254<br />E-mail: <a href=\"mailto:joaolima@senado.gov.br\">joaolima@senado.gov.br</a></li>\r\n<li>Contato: Jo\u00e3o Holanda<br />Tel.: (61) 3311-3673<br />E-mail: <a href=\"mailto:joao.holanda@senado.gov.br\">joao.holanda@senado.gov.br</a></li>\r\n<li>Contato: Fl\u00e1vio Heringer<br />Tel.: (61) 3311-3939<br />E-mail: <a href=\"mailto:heringer@senado.gov.br\">heringer@senado.gov.br</a></li>\r\n</ul>\r\n<p>\u00a0</p>\r\n<h2><a id=\"STF\" name=\"STF\"></a><a class=\"external-link\" href=\"http://www.mj.gov.br/\"><strong>Supremo Tribunal Federal</strong></a></h2>\r\n<ul>\r\n<li>Contato: Virg\u00ednia Azevedo<br />Tel.: (61) 3217-3490<br />E-mail: <a href=\"mailto:virginia@stf.jus.br\">virginia@stf.jus.br</a></li>\r\n</ul>\r\n<ul>\r\n<li>Contato: Fl\u00e1vio Henrique Rocha e Silva<br />Tel.: (61) 3217-3481<br />E-mail: <a href=\"mailto:flavioh@stf.jus.br\">flavioh@stf.jus.br</a></li>\r\n</ul>\r\n<p>\u00a0</p>\r\n<h2><a id=\"STF2\" name=\"STJ\"></a><a class=\"external-link\" href=\"http://www.mj.gov.br/\"><strong>Superior Tribunal de Justi\u00e7a</strong></a></h2>\r\n<ul>\r\n<li>Contato: Paulo de Tarso Penna da Costa<br />Tel.: (61) 3319-9410<br />E-mail: <a href=\"mailto:penna@stj.gov.br\">penna@stj.gov.br</a></li>\r\n</ul>\r\n<p>\u00a0</p>\r\n<h2><a id=\"TCU\" name=\"TCU\"></a><a class=\"external-link\" href=\"http://www.tcu.gov.br/\"><strong>Tribunal de Contas da Uni\u00e3o</strong></a></h2>\r\n<ul>\r\n<li>Contato: Paulo Andr\u00e9 Mattos de Carvalho<br />Tel.: (61) 3316-7114<br />E-mail: <a href=\"mailto:pauloac@tcu.gov.br\">pauloac@tcu.gov.br</a></li>\r\n<li>Contato: Jo\u00e3o R. Kramer Santana<br />Tel.: (61) 3316-7114<br />E-mail: <a href=\"mailto:kramers@tcu.gov.br\">kramers@tcu.gov.br</a></li>\r\n<li>Contato: Ricardo Bravo<br />Tel.: (61) 3316-7834<br />E-mail: <a href=\"mailto:rbravo@tcu.gov.br\">rbravo@tcu.gov.br</a></li>\r\n<li>Contato: Flavia Lacerda<br />Tel.: (61) 3316-7834<br />E-mail: <a href=\"mailto:flaviaom@tcu.gov.br\">flaviaom@tcu.gov.br</a></li>\r\n<li>Contato: Lu\u00eds Henrique Mitchell<br />Tel.: (61) 3316-7834<br />E-mail: <a href=\"mailto:luishr@tcu.gov.br\">luishr@tcu.gov.br</a></li>\r\n</ul>\r\n<p>\u00a0</p>\r\n<h2><a id=\"TSE\" name=\"TSE\"></a><a class=\"external-link\" href=\"http://www.tse.gov.br/\"><strong>Tribunal Superior Eleitoral</strong></a></h2>\r\n<ul>\r\n<li>Contato: Carlos Corr\u00eaa Gon\u00e7alves<br />Tel.: (61) 3316-3891<br />E-mail: <a href=\"mailto:cgoncalves@tse.gov.br\">cgoncalves@tse.gov.br</a></li>\r\n<li>Contato: Claudio Mori<br />Tel.: (61) 3316-3891<br />E-mail: <a href=\"mailto:cmori@tse.gov.br\">cmori@tse.gov.br</a></li>\r\n</ul>\r\n<h2>\u00a0</h2>\r\n<h2><a id=\"TSE2\" name=\"TST\"></a><a class=\"external-link\" href=\"http://www.tst.gov.br/\"><strong>Tribunal Superior do Trabalho</strong></a></h2>\r\n<ul>\r\n<li>Contato: Claudson dos Santos Melo<br />Tel.: (61) 3314-4927<br />E-mail: <a href=\"mailto:claudson@tst.gov.br\">claudson@tst.gov.br</a></li>\r\n</ul>\r\n<p>\u00a0</p>\r\n<p>\u00a0</p>\r\n<p>\u00a0</p>", "author_name": "davi_lima", "version": "1.0", "author_url": "https://projeto.lexml.gov.br/author/davi_lima", "provider_name": "LexML", "type": "rich"}