{"provider_url": "https://projeto.lexml.gov.br", "title": "2\u00aa Reuni\u00e3o Extraordin\u00e1ria do GT LexML", "html": "\r\n<p>No&nbsp;dia&nbsp;2 de outubro,&nbsp;das 14h30 \u00e0s 17h,&nbsp;ocorreu a 2\u00aa Reuni\u00e3o\r\nExtraordin\u00e1ria do Grupo de Trabalho LexML&nbsp;no Interlegis. O GT LexML \u00e9\r\nformado por representantes das \u00e1reas de Tecnologia do Informa\u00e7\u00e3o de\r\n\u00f3rg\u00e3os da <a class=\"external-link\" href=\"http://www.ti.controle.gov.br/\"><span class=\"link-external\">Comunidade de TI aplicada ao Controle</span></a>.</p>\r\n<p>Os seguintes t\u00f3picos&nbsp;foram discutidos:</p>\r\n<ul><li>Informes sobre:</li>\r\n<ul><li>Desenvolvimento do m\u00f3dulo provedor de dados</li><li>Publica\u00e7\u00e3o dos vocabul\u00e1rios controlados</li><li>Selo para chamada do\r\nservi\u00e7o LexML</li></ul>\r\n<li>Lucene - Tutorial&nbsp;/ Jo\u00e3o Kramer (Tribunal de Contas da Uni\u00e3o </li><li>Continua\u00e7\u00e3o da discuss\u00e3o das contribui\u00e7\u00f5es&nbsp;da Consulta P\u00fablica</li></ul>\r\n<p><br /><a href=\"https://projeto.lexml.gov.br/institucional/atas-das-reunioes-gt-lexml/ata-da-2a-reuniao-extraordinaria-de-02-outubro-2008-no-interlegis\" class=\"internal-link\" title=\"Ata da 2\u00aa Reuni\u00e3o Extraordin\u00e1ria de 02/outubro/2008 no Interlegis\">Consulte as apresenta\u00e7\u00f5es&nbsp;(ppt), o \u00e1udio (mp3) e a ata neste link. </a></p>\r\n", "author_name": "davi_lima", "version": "1.0", "author_url": "https://projeto.lexml.gov.br/author/davi_lima", "provider_name": "LexML", "type": "rich"}