{"provider_url": "https://projeto.lexml.gov.br", "title": "III Encontro Nacional do LexML", "html": "<p>\u00a0</p>\r\n<p>PARTICIPE:</p>\r\n<h2><a class=\"external-link\" href=\"http://silex.lexml.gov.br\">\u00a0CONSULTA P\u00daBLICA DO MODELO DE REQUISITOS SILEX\u00a0</a></h2>\r\n<div>\u00a0</div>\r\n<div>\u00a0</div>\r\n<div>\u00a0</div>\r\n<div>\r\n<h2 style=\"text-align: left; \"><strong>III Encontro Nacional do LexML</strong></h2>\r\n<div style=\"text-align: left; \">Data: 13 de Agosto de 2013</div>\r\n<div style=\"text-align: left; \">Local: Audit\u00f3rio do Interlegis (Bras\u00edlia - DF)</div>\r\n<div style=\"text-align: left; \"><strong>P\u00fablico alvo:</strong> Especialistas em informa\u00e7\u00e3o e inform\u00e1tica, incluindo, entre outros, bibliotec\u00e1rios, arquivistas, analistas de sistemas e profissionais interessados na gest\u00e3o da informa\u00e7\u00e3o legislativa e jur\u00eddica.</div>\r\n<h2 style=\"text-align: left; \"><strong>Programa\u00e7\u00e3o\u00a0</strong></h2>\r\n</div>\r\n<div><span style=\"text-align: justify; \">\u00a0</span>\r\n<table>\r\n<tbody>\r\n<tr class=\"odd\">\r\n<td colspan=\"2\"></td>\r\n</tr>\r\n<tr class=\"odd\">\r\n<td>\r\n<p style=\"text-align: justify; \">08:20</p>\r\n</td>\r\n<td>\r\n<p style=\"text-align: justify; \">Credenciamento</p>\r\n</td>\r\n</tr>\r\n</tbody>\r\n</table>\r\n</div>\r\n<table>\r\n<tbody>\r\n<tr class=\"even\">\r\n<td colspan=\"2\">\r\n<p align=\"center\" style=\"text-align: center; \"><strong>Mesa de abertura\u00a0\u00a0\u00a0 <a class=\"external-link\" href=\"http://www.youtube.com/watch?v=6LXiccZQzKc\">[ V\u00cdDEO ]</a><br /></strong></p>\r\n</td>\r\n</tr>\r\n<tr class=\"odd\">\r\n<td>\r\n<p style=\"text-align: justify; \">9:00</p>\r\n</td>\r\n<td>\r\n<p style=\"text-align: justify; \">Doris Marize Peixoto (Diretora-Geral do Senado Federal)</p>\r\n<p style=\"text-align: justify; \">Claudia Lyra Nascimento (Secret\u00e1ria Geral da Mesa do Senado Federal)</p>\r\n<p style=\"text-align: justify; \">Ant\u00f4nio Helder Medeiros Rebou\u00e7as (Diretor Executivo do ILB/Interlegis)</p>\r\n<p style=\"text-align: justify; \">Edilenice Passos (Diretora da Secretaria de Gest\u00e3o da Informa\u00e7\u00e3o e Documenta\u00e7\u00e3o)</p>\r\n<p style=\"text-align: justify; \">Victor Vieira (Diretor do Prodasen)</p>\r\n</td>\r\n</tr>\r\n<tr class=\"even\">\r\n<td colspan=\"2\">\r\n<p align=\"center\" style=\"text-align: center; \"><strong>Painel : Consulta P\u00fablica do Modelo de Requisitos para Sistemas Informatizados de<br />\u00a0Gest\u00e3o da Informa\u00e7\u00e3o Jur\u00eddica\u00a0 <a class=\"external-link\" href=\"http://www.youtube.com/watch?v=p0_VU52ma1M\">[ V\u00cdDEO ]</a>\u00a0<br /></strong></p>\r\n</td>\r\n</tr>\r\n<tr class=\"odd\">\r\n<td>\r\n<p style=\"text-align: justify; \">\u00a09:30</p>\r\n</td>\r\n<td>\r\n<p style=\"text-align: justify; \">Apresenta\u00e7\u00e3o do Modelo de Requisitos para Sistemas Informatizados de Gest\u00e3o da Informa\u00e7\u00e3o Jur\u00eddica</p>\r\n<p style=\"text-align: justify; \">Jos\u00e9 Ronaldo Vieira (STJ) <a href=\"https://projeto.lexml.gov.br/docs/02SILEX.pdf\" class=\"internal-link\" title=\"02Apresenta\u00e7\u00e3o SILEX\">[ SLIDES ]</a></p>\r\n</td>\r\n</tr>\r\n<tr class=\"even\">\r\n<td colspan=\"2\">\r\n<p align=\"center\" style=\"text-align: center; \"><strong>Painel : Gest\u00e3o da Informa\u00e7\u00e3o Jur\u00eddica\u00a0 <a class=\"external-link\" href=\"http://www.youtube.com/watch?v=RvVHvYOF4Z4\">[ V\u00cdDEO ]</a><br /></strong></p>\r\n<p align=\"center\" style=\"text-align: center; \"><strong>Moderador: Clay Souza e Teles (Senado Federal)</strong></p>\r\n</td>\r\n</tr>\r\n<tr class=\"odd\">\r\n<td>\r\n<p style=\"text-align: justify; \">10:00 \u00a0</p>\r\n</td>\r\n<td>\r\n<p style=\"text-align: justify; \">S\u00e1via Maria Leite Rodrigues Gon\u00e7alves <a href=\"https://projeto.lexml.gov.br/docs/03AGU.pdf\" class=\"internal-link\" title=\"03AGU\">[ SLIDES ]</a></p>\r\n<p style=\"text-align: justify; \">\u00a0 \u00a0 \u00a0 AGU - Diretora do Departamento de Informa\u00e7\u00f5es Jur\u00eddico-Estrat\u00e9gicas</p>\r\n<p style=\"text-align: justify; \">Adolfo Furtado\u00a0</p>\r\n<p>\u00a0 \u00a0 \u00a0 C\u00e2mara dos Deputados - Diretor do Centro de Documenta\u00e7\u00e3o e Informa\u00e7\u00e3o</p>\r\n<p style=\"text-align: justify; \">Edilenice Passos <a href=\"https://projeto.lexml.gov.br/docs/03NADM.pdf\" class=\"internal-link\" title=\"03NADM\">[SLIDES]</a></p>\r\n<p>\u00a0 \u00a0 \u00a0 \u00a0Senado Federal \u2013 Diretora da Secretaria de Gest\u00e3o da Informa\u00e7\u00e3o e Documenta\u00e7\u00e3o</p>\r\n<p style=\"text-align: justify; \">Alexandre Torres <a href=\"https://projeto.lexml.gov.br/docs/03RFB.pdf\" class=\"internal-link\" title=\"03RFB\">[SLIDES]</a></p>\r\n<p><span style=\"text-align: justify; \">\u00a0 \u00a0 \u00a0 \u00a0Divis\u00e3o de Sistematiza\u00e7\u00e3o e Dissemina\u00e7\u00e3o de Normas\u00a0</span><span style=\"text-align: justify; \">da Coordena\u00e7\u00e3o Geral de Tributa\u00e7\u00e3o \u00a0da Receita Federal do Brasil</span></p>\r\n<p style=\"text-align: justify; \">Raquel Ribeiro Caetano <a href=\"https://projeto.lexml.gov.br/docs/03STJ.pdf\" class=\"internal-link\" title=\"03STJ\">[SLIDES]</a>\u00a0</p>\r\n<p><span style=\"text-align: justify; \">\u00a0 \u00a0 \u00a0 \u00a0</span><span style=\"text-align: justify; \">Superior Tribunal de Justi\u00e7a - Coordenadora da Biblioteca</span></p>\r\n</td>\r\n</tr>\r\n<tr class=\"even\">\r\n<td colspan=\"2\">\r\n<p align=\"center\" style=\"text-align: center; \"><strong>Lan\u00e7amento do Manual de Pesquisa do Portal LexML <a class=\"external-link\" href=\"http://www.youtube.com/watch?v=DNhoZ7ZfjhA\">[ V\u00cdDEO ]</a><br /></strong></p>\r\n</td>\r\n</tr>\r\n<tr class=\"odd\">\r\n<td>\r\n<p style=\"text-align: justify; \">11:30\u00a0</p>\r\n</td>\r\n<td>\r\n<p style=\"text-align: justify; \">Najla Bastos de Melo (STJ) <a href=\"https://projeto.lexml.gov.br/docs/04Manual.pdf\" class=\"internal-link\" title=\"04Manual\">[SLIDES]</a></p>\r\n</td>\r\n</tr>\r\n</tbody>\r\n</table>\r\n<p style=\"text-align: justify; \">\u00a0</p>\r\n<table>\r\n<tbody>\r\n<tr class=\"even\">\r\n<td colspan=\"2\">\r\n<p align=\"center\" style=\"text-align: center; \"><strong>Painel : Novas Ferramentas, novos avan\u00e7os</strong></p>\r\n</td>\r\n</tr>\r\n<tr class=\"odd\">\r\n<td>\r\n<p style=\"text-align: justify; \">14:00</p>\r\n</td>\r\n<td>\r\n<p style=\"text-align: justify; \">LexEdit - Editor de Documentos Legislativos (Marcos Fragomeni - Senado Federal) <a class=\"external-link\" href=\"http://www.youtube.com/watch?v=5QSAd3RjIBc\">[ VIDEO ]</a>\u00a0<a href=\"https://projeto.lexml.gov.br/docs/05aLexEdit.pdf\" class=\"internal-link\" title=\"05aLexEdit\">[SLIDES Apresenta\u00e7\u00e3o]</a>\u00a0<a href=\"https://projeto.lexml.gov.br/docs/05bLexEdit.pdf\" class=\"internal-link\" title=\"05bLexEdit\">[SLIDES Telas capturadas]</a></p>\r\n<p style=\"text-align: justify; \">MADOC - Montador Autom\u00e1ticos de Documentos \u00a0(Lauro C\u00e9sar de Ara\u00fajo - Senado Federal) <a class=\"external-link\" href=\"http://www.youtube.com/watch?v=prU_qLIb3nU\">[VIDEO]</a>\u00a0<a href=\"https://projeto.lexml.gov.br/docs/06Madoc.pdf\" class=\"internal-link\" title=\"06Madoc\">[SLIDES]</a></p>\r\n<p style=\"text-align: justify; \">Parser/Linker/Renderer \u00a0- Estruturador de Documentos Articulados e Identificador autom\u00e1tico de Remiss\u00f5es Textuais - (Jo\u00e3o Rafael Nicola - Senado Federal) <a class=\"external-link\" href=\"http://www.youtube.com/watch?v=FBbCX56XXY4\">[ VIDEO ]</a>\u00a0<a href=\"https://projeto.lexml.gov.br/docs/07ParserRendererLinker.pdf\" class=\"internal-link\" title=\"07Parser\">[SLIDES]</a></p>\r\n<p>LexComp - Elabora\u00e7\u00e3o de Quadros Comparativos de Documentos Articulados (Jo\u00e3o Lima - Senado Federal / Fernando Lima Torres - C\u00e2mara dos Deputados) <a class=\"external-link\" href=\"http://www.youtube.com/watch?v=YPA_tOR5ctY\">[ VIDEO ]</a>\u00a0<a href=\"https://projeto.lexml.gov.br/docs/08Lexcomp.pdf\" class=\"internal-link\" title=\"08LexComp\">[SLIDES]</a><br />[ Equipe do LexComp:\u00a0</p>\r\n<p>Lauro \u00a0Ara\u00fajo (SF), Jo\u00e3o Rafael (SF), M\u00e1rcio Fonseca (CD), Rudyardy Mendes (CD) ]</p>\r\n</td>\r\n</tr>\r\n<tr class=\"even\">\r\n<td>\r\n<p style=\"text-align: justify; \">\u00a016:00</p>\r\n</td>\r\n<td>\r\n<p style=\"text-align: justify; \">Intervalo</p>\r\n</td>\r\n</tr>\r\n<tr class=\"odd\">\r\n<td colspan=\"2\">\r\n<p align=\"center\" style=\"text-align: center; \"><strong>Painel : Integra\u00e7\u00e3o SAPL e LexML <a class=\"external-link\" href=\"http://www.youtube.com/watch?v=4eqHpPGMbQo\">[ VIDEO ]</a>\u00a0</strong></p>\r\n</td>\r\n</tr>\r\n<tr class=\"odd\">\r\n<td>\r\n<p style=\"text-align: justify; \">\u00a016:20</p>\r\n</td>\r\n<td>\r\n<p style=\"text-align: justify; \">Cl\u00e1udio Morale <a href=\"https://projeto.lexml.gov.br/docs/09SAPL-LexML.pdf\" class=\"internal-link\" title=\"09SAPL\">[SLIDES]</a></p>\r\n</td>\r\n</tr>\r\n<tr class=\"even\">\r\n<td colspan=\"2\">\r\n<p align=\"center\" style=\"text-align: center; \"><strong>Painel : Inclus\u00e3o da Doutrina no Portal LexML <a class=\"external-link\" href=\"http://www.youtube.com/watch?v=pe9t9QMNNEA\">[ VIDEO ]</a></strong></p>\r\n</td>\r\n</tr>\r\n<tr class=\"odd\">\r\n<td>\r\n<p style=\"text-align: justify; \">16:50</p>\r\n<p style=\"text-align: justify; \">17:30</p>\r\n</td>\r\n<td>\r\n<p style=\"text-align: justify; \">F\u00e1tima Jaegger e Lauro C\u00e9sar Ara\u00fajo <a href=\"https://projeto.lexml.gov.br/docs/10RVBILexML.pdf\" class=\"internal-link\" title=\"10RVBI\">[SLIDES]</a></p>\r\n<p style=\"text-align: justify; \">Encerramento</p>\r\n</td>\r\n</tr>\r\n</tbody>\r\n</table>\r\n<p style=\"text-align: justify; \">\u00a0</p>\r\n<p style=\"text-align: justify; \"><strong>Promo\u00e7\u00e3o:</strong></p>\r\n<p style=\"text-align: justify; \">PRODASEN - Secretaria de Tecnologia da Informa\u00e7\u00e3o do Senado Federal</p>\r\n<p style=\"text-align: justify; \">Instituto Legislativo Brasileiro / Programa Interlegis</p>\r\n<p style=\"text-align: justify; \">SGIDOC - Secretaria de Gest\u00e3o da Informa\u00e7\u00e3o e Documenta\u00e7\u00e3o do Senado Federal</p>\r\n<p style=\"text-align: justify; \"><strong>Apoio:</strong></p>\r\n<p style=\"text-align: justify; \">Comunidade de Tecnologia da Informa\u00e7\u00e3o Aplicada ao Controle (<a class=\"external-link\" href=\"http://www.ticontrole.gov.br/\">TIControle</a>)\u00a0</p>\r\n<p style=\"text-align: justify; \">CORP - Coordena\u00e7\u00e3o de Rela\u00e7\u00f5es P\u00fablicas do Senado Federal</p>\r\n<p style=\"text-align: justify; \">Coordena\u00e7\u00e3o de Cria\u00e7\u00e3o e Marketing da Secretaria de Comunica\u00e7\u00e3o Social do Senado Federal</p>\r\n<p style=\"text-align: justify; \">\u00a0</p>\r\n<p style=\"text-align: justify; \">\u00a0</p>", "author_name": "", "version": "1.0", "author_url": "https://projeto.lexml.gov.br/author/joaolima", "provider_name": "LexML", "type": "rich"}